{"id":648,"date":"2020-12-08T12:08:19","date_gmt":"2020-12-08T12:08:19","guid":{"rendered":"http:\/\/joapen.com\/dream\/?p=648"},"modified":"2020-12-08T12:08:21","modified_gmt":"2020-12-08T12:08:21","slug":"la-teoria-del-perro-y-la-cuerda","status":"publish","type":"post","link":"http:\/\/joapen.com\/dream\/2020\/12\/08\/la-teoria-del-perro-y-la-cuerda\/","title":{"rendered":"La teor\u00eda del perro y la cuerda"},"content":{"rendered":"\n<p>La teor\u00eda del perro y la cuerda. Andr\u00e9 Kostolany relaciona un hombre que lleva un perro con una cuerda y el perro se adelanta o retrocede, se aleja de \u00e9l o se acerca y al final llegan al mismo sitio juntos, al igual que han salido juntos. Con esto relaciona la econom\u00eda real de la econom\u00eda financiera, a largo plazo convergen, pero durante el camino hay algunas divergencias, la econom\u00eda financiera se adelanta a la econom\u00eda real.<\/p>\n","protected":false},"excerpt":{"rendered":"<p>La teor\u00eda del perro y la cuerda. Andr\u00e9 Kostolany relaciona un hombre que lleva un&#8230;<\/p>\n","protected":false},"author":2,"featured_media":650,"comment_status":"open","ping_status":"open","sticky":false,"template":"","format":"standard","meta":{"footnotes":""},"categories":[6],"tags":[29],"class_list":["post-648","post","type-post","status-publish","format-standard","has-post-thumbnail","hentry","category-05-mejora","tag-datos-macro"],"yoast_head":"<!-- This site is optimized with the Yoast SEO plugin v27.5 - https:\/\/yoast.com\/product\/yoast-seo-wordpress\/ -->\n<title>La teor\u00eda del perro y la cuerda -<\/title>\n<meta name=\"description\" content=\"La teor\u00eda del perro y la cuerda. Andr\u00e9 Kostolany relaciona un hombre que lleva un perro con una cuerda y el perro se adelanta o retrocede, se aleja de \u00e9l -\" \/>\n<meta name=\"robots\" content=\"index, follow, max-snippet:-1, max-image-preview:large, max-video-preview:-1\" \/>\n<link rel=\"canonical\" href=\"http:\/\/joapen.com\/dream\/2020\/12\/08\/la-teoria-del-perro-y-la-cuerda\/\" \/>\n<meta property=\"og:locale\" content=\"es_ES\" \/>\n<meta property=\"og:type\" content=\"article\" \/>\n<meta property=\"og:title\" content=\"La teor\u00eda del perro y la cuerda -\" \/>\n<meta property=\"og:description\" content=\"La teor\u00eda del perro y la cuerda. Andr\u00e9 Kostolany relaciona un hombre que lleva un perro con una cuerda y el perro se adelanta o retrocede, se aleja de \u00e9l -\" \/>\n<meta property=\"og:url\" content=\"http:\/\/joapen.com\/dream\/2020\/12\/08\/la-teoria-del-perro-y-la-cuerda\/\" \/>\n<meta property=\"article:published_time\" content=\"2020-12-08T12:08:19+00:00\" \/>\n<meta property=\"article:modified_time\" content=\"2020-12-08T12:08:21+00:00\" \/>\n<meta property=\"og:image\" content=\"http:\/\/joapen.com\/dream\/wp-content\/uploads\/2020\/12\/Andre-Kostolany.jpg\" \/>\n\t<meta property=\"og:image:width\" content=\"243\" \/>\n\t<meta property=\"og:image:height\" content=\"300\" \/>\n\t<meta property=\"og:image:type\" content=\"image\/jpeg\" \/>\n<meta name=\"author\" content=\"dreamer\" \/>\n<meta name=\"twitter:card\" content=\"summary_large_image\" \/>\n<script type=\"application\/ld+json\" class=\"yoast-schema-graph\">{\"@context\":\"https:\\\/\\\/schema.org\",\"@graph\":[{\"@type\":\"Article\",\"@id\":\"http:\\\/\\\/joapen.com\\\/dream\\\/2020\\\/12\\\/08\\\/la-teoria-del-perro-y-la-cuerda\\\/#article\",\"isPartOf\":{\"@id\":\"http:\\\/\\\/joapen.com\\\/dream\\\/2020\\\/12\\\/08\\\/la-teoria-del-perro-y-la-cuerda\\\/\"},\"author\":{\"name\":\"dreamer\",\"@id\":\"https:\\\/\\\/joapen.com\\\/dream\\\/#\\\/schema\\\/person\\\/7953b6b38ddc1a8c7faf1c99605d9dfe\"},\"headline\":\"La teor\u00eda del perro y la cuerda\",\"datePublished\":\"2020-12-08T12:08:19+00:00\",\"dateModified\":\"2020-12-08T12:08:21+00:00\",\"mainEntityOfPage\":{\"@id\":\"http:\\\/\\\/joapen.com\\\/dream\\\/2020\\\/12\\\/08\\\/la-teoria-del-perro-y-la-cuerda\\\/\"},\"wordCount\":90,\"commentCount\":1,\"publisher\":{\"@id\":\"https:\\\/\\\/joapen.com\\\/dream\\\/#\\\/schema\\\/person\\\/7953b6b38ddc1a8c7faf1c99605d9dfe\"},\"image\":{\"@id\":\"http:\\\/\\\/joapen.com\\\/dream\\\/2020\\\/12\\\/08\\\/la-teoria-del-perro-y-la-cuerda\\\/#primaryimage\"},\"thumbnailUrl\":\"http:\\\/\\\/joapen.com\\\/dream\\\/wp-content\\\/uploads\\\/2020\\\/12\\\/Andre-Kostolany.jpg\",\"keywords\":[\"Datos macro\"],\"articleSection\":[\"05-Mejora\"],\"inLanguage\":\"es\",\"potentialAction\":[{\"@type\":\"CommentAction\",\"name\":\"Comment\",\"target\":[\"http:\\\/\\\/joapen.com\\\/dream\\\/2020\\\/12\\\/08\\\/la-teoria-del-perro-y-la-cuerda\\\/#respond\"]}]},{\"@type\":\"WebPage\",\"@id\":\"http:\\\/\\\/joapen.com\\\/dream\\\/2020\\\/12\\\/08\\\/la-teoria-del-perro-y-la-cuerda\\\/\",\"url\":\"http:\\\/\\\/joapen.com\\\/dream\\\/2020\\\/12\\\/08\\\/la-teoria-del-perro-y-la-cuerda\\\/\",\"name\":\"La teor\u00eda del perro y la cuerda -\",\"isPartOf\":{\"@id\":\"https:\\\/\\\/joapen.com\\\/dream\\\/#website\"},\"primaryImageOfPage\":{\"@id\":\"http:\\\/\\\/joapen.com\\\/dream\\\/2020\\\/12\\\/08\\\/la-teoria-del-perro-y-la-cuerda\\\/#primaryimage\"},\"image\":{\"@id\":\"http:\\\/\\\/joapen.com\\\/dream\\\/2020\\\/12\\\/08\\\/la-teoria-del-perro-y-la-cuerda\\\/#primaryimage\"},\"thumbnailUrl\":\"http:\\\/\\\/joapen.com\\\/dream\\\/wp-content\\\/uploads\\\/2020\\\/12\\\/Andre-Kostolany.jpg\",\"datePublished\":\"2020-12-08T12:08:19+00:00\",\"dateModified\":\"2020-12-08T12:08:21+00:00\",\"description\":\"La teor\u00eda del perro y la cuerda. Andr\u00e9 Kostolany relaciona un hombre que lleva un perro con una cuerda y el perro se adelanta o retrocede, se aleja de \u00e9l -\",\"breadcrumb\":{\"@id\":\"http:\\\/\\\/joapen.com\\\/dream\\\/2020\\\/12\\\/08\\\/la-teoria-del-perro-y-la-cuerda\\\/#breadcrumb\"},\"inLanguage\":\"es\",\"potentialAction\":[{\"@type\":\"ReadAction\",\"target\":[\"http:\\\/\\\/joapen.com\\\/dream\\\/2020\\\/12\\\/08\\\/la-teoria-del-perro-y-la-cuerda\\\/\"]}]},{\"@type\":\"ImageObject\",\"inLanguage\":\"es\",\"@id\":\"http:\\\/\\\/joapen.com\\\/dream\\\/2020\\\/12\\\/08\\\/la-teoria-del-perro-y-la-cuerda\\\/#primaryimage\",\"url\":\"http:\\\/\\\/joapen.com\\\/dream\\\/wp-content\\\/uploads\\\/2020\\\/12\\\/Andre-Kostolany.jpg\",\"contentUrl\":\"http:\\\/\\\/joapen.com\\\/dream\\\/wp-content\\\/uploads\\\/2020\\\/12\\\/Andre-Kostolany.jpg\",\"width\":243,\"height\":300},{\"@type\":\"BreadcrumbList\",\"@id\":\"http:\\\/\\\/joapen.com\\\/dream\\\/2020\\\/12\\\/08\\\/la-teoria-del-perro-y-la-cuerda\\\/#breadcrumb\",\"itemListElement\":[{\"@type\":\"ListItem\",\"position\":1,\"name\":\"Portada\",\"item\":\"https:\\\/\\\/joapen.com\\\/dream\\\/\"},{\"@type\":\"ListItem\",\"position\":2,\"name\":\"05-Mejora\",\"item\":\"http:\\\/\\\/joapen.com\\\/dream\\\/category\\\/05-mejora\\\/\"},{\"@type\":\"ListItem\",\"position\":3,\"name\":\"La teor\u00eda del perro y la cuerda\"}]},{\"@type\":\"WebSite\",\"@id\":\"https:\\\/\\\/joapen.com\\\/dream\\\/#website\",\"url\":\"https:\\\/\\\/joapen.com\\\/dream\\\/\",\"name\":\"DREAM\",\"description\":\"\",\"publisher\":{\"@id\":\"https:\\\/\\\/joapen.com\\\/dream\\\/#\\\/schema\\\/person\\\/7953b6b38ddc1a8c7faf1c99605d9dfe\"},\"potentialAction\":[{\"@type\":\"SearchAction\",\"target\":{\"@type\":\"EntryPoint\",\"urlTemplate\":\"https:\\\/\\\/joapen.com\\\/dream\\\/?s={search_term_string}\"},\"query-input\":{\"@type\":\"PropertyValueSpecification\",\"valueRequired\":true,\"valueName\":\"search_term_string\"}}],\"inLanguage\":\"es\"},{\"@type\":[\"Person\",\"Organization\"],\"@id\":\"https:\\\/\\\/joapen.com\\\/dream\\\/#\\\/schema\\\/person\\\/7953b6b38ddc1a8c7faf1c99605d9dfe\",\"name\":\"dreamer\",\"image\":{\"@type\":\"ImageObject\",\"inLanguage\":\"es\",\"@id\":\"https:\\\/\\\/joapen.com\\\/dream\\\/wp-content\\\/uploads\\\/2021\\\/03\\\/joapen-icon.jpeg\",\"url\":\"https:\\\/\\\/joapen.com\\\/dream\\\/wp-content\\\/uploads\\\/2021\\\/03\\\/joapen-icon.jpeg\",\"contentUrl\":\"https:\\\/\\\/joapen.com\\\/dream\\\/wp-content\\\/uploads\\\/2021\\\/03\\\/joapen-icon.jpeg\",\"width\":96,\"height\":96,\"caption\":\"dreamer\"},\"logo\":{\"@id\":\"https:\\\/\\\/joapen.com\\\/dream\\\/wp-content\\\/uploads\\\/2021\\\/03\\\/joapen-icon.jpeg\"},\"sameAs\":[\"http:\\\/\\\/joapen.com\\\/dream\\\/\"],\"url\":\"http:\\\/\\\/joapen.com\\\/dream\\\/author\\\/dreamer\\\/\"}]}<\/script>\n<!-- \/ Yoast SEO plugin. -->","yoast_head_json":{"title":"La teor\u00eda del perro y la cuerda -","description":"La teor\u00eda del perro y la cuerda. Andr\u00e9 Kostolany relaciona un hombre que lleva un perro con una cuerda y el perro se adelanta o retrocede, se aleja de \u00e9l -","robots":{"index":"index","follow":"follow","max-snippet":"max-snippet:-1","max-image-preview":"max-image-preview:large","max-video-preview":"max-video-preview:-1"},"canonical":"http:\/\/joapen.com\/dream\/2020\/12\/08\/la-teoria-del-perro-y-la-cuerda\/","og_locale":"es_ES","og_type":"article","og_title":"La teor\u00eda del perro y la cuerda -","og_description":"La teor\u00eda del perro y la cuerda. Andr\u00e9 Kostolany relaciona un hombre que lleva un perro con una cuerda y el perro se adelanta o retrocede, se aleja de \u00e9l -","og_url":"http:\/\/joapen.com\/dream\/2020\/12\/08\/la-teoria-del-perro-y-la-cuerda\/","article_published_time":"2020-12-08T12:08:19+00:00","article_modified_time":"2020-12-08T12:08:21+00:00","og_image":[{"width":243,"height":300,"url":"http:\/\/joapen.com\/dream\/wp-content\/uploads\/2020\/12\/Andre-Kostolany.jpg","type":"image\/jpeg"}],"author":"dreamer","twitter_card":"summary_large_image","schema":{"@context":"https:\/\/schema.org","@graph":[{"@type":"Article","@id":"http:\/\/joapen.com\/dream\/2020\/12\/08\/la-teoria-del-perro-y-la-cuerda\/#article","isPartOf":{"@id":"http:\/\/joapen.com\/dream\/2020\/12\/08\/la-teoria-del-perro-y-la-cuerda\/"},"author":{"name":"dreamer","@id":"https:\/\/joapen.com\/dream\/#\/schema\/person\/7953b6b38ddc1a8c7faf1c99605d9dfe"},"headline":"La teor\u00eda del perro y la cuerda","datePublished":"2020-12-08T12:08:19+00:00","dateModified":"2020-12-08T12:08:21+00:00","mainEntityOfPage":{"@id":"http:\/\/joapen.com\/dream\/2020\/12\/08\/la-teoria-del-perro-y-la-cuerda\/"},"wordCount":90,"commentCount":1,"publisher":{"@id":"https:\/\/joapen.com\/dream\/#\/schema\/person\/7953b6b38ddc1a8c7faf1c99605d9dfe"},"image":{"@id":"http:\/\/joapen.com\/dream\/2020\/12\/08\/la-teoria-del-perro-y-la-cuerda\/#primaryimage"},"thumbnailUrl":"http:\/\/joapen.com\/dream\/wp-content\/uploads\/2020\/12\/Andre-Kostolany.jpg","keywords":["Datos macro"],"articleSection":["05-Mejora"],"inLanguage":"es","potentialAction":[{"@type":"CommentAction","name":"Comment","target":["http:\/\/joapen.com\/dream\/2020\/12\/08\/la-teoria-del-perro-y-la-cuerda\/#respond"]}]},{"@type":"WebPage","@id":"http:\/\/joapen.com\/dream\/2020\/12\/08\/la-teoria-del-perro-y-la-cuerda\/","url":"http:\/\/joapen.com\/dream\/2020\/12\/08\/la-teoria-del-perro-y-la-cuerda\/","name":"La teor\u00eda del perro y la cuerda -","isPartOf":{"@id":"https:\/\/joapen.com\/dream\/#website"},"primaryImageOfPage":{"@id":"http:\/\/joapen.com\/dream\/2020\/12\/08\/la-teoria-del-perro-y-la-cuerda\/#primaryimage"},"image":{"@id":"http:\/\/joapen.com\/dream\/2020\/12\/08\/la-teoria-del-perro-y-la-cuerda\/#primaryimage"},"thumbnailUrl":"http:\/\/joapen.com\/dream\/wp-content\/uploads\/2020\/12\/Andre-Kostolany.jpg","datePublished":"2020-12-08T12:08:19+00:00","dateModified":"2020-12-08T12:08:21+00:00","description":"La teor\u00eda del perro y la cuerda. Andr\u00e9 Kostolany relaciona un hombre que lleva un perro con una cuerda y el perro se adelanta o retrocede, se aleja de \u00e9l -","breadcrumb":{"@id":"http:\/\/joapen.com\/dream\/2020\/12\/08\/la-teoria-del-perro-y-la-cuerda\/#breadcrumb"},"inLanguage":"es","potentialAction":[{"@type":"ReadAction","target":["http:\/\/joapen.com\/dream\/2020\/12\/08\/la-teoria-del-perro-y-la-cuerda\/"]}]},{"@type":"ImageObject","inLanguage":"es","@id":"http:\/\/joapen.com\/dream\/2020\/12\/08\/la-teoria-del-perro-y-la-cuerda\/#primaryimage","url":"http:\/\/joapen.com\/dream\/wp-content\/uploads\/2020\/12\/Andre-Kostolany.jpg","contentUrl":"http:\/\/joapen.com\/dream\/wp-content\/uploads\/2020\/12\/Andre-Kostolany.jpg","width":243,"height":300},{"@type":"BreadcrumbList","@id":"http:\/\/joapen.com\/dream\/2020\/12\/08\/la-teoria-del-perro-y-la-cuerda\/#breadcrumb","itemListElement":[{"@type":"ListItem","position":1,"name":"Portada","item":"https:\/\/joapen.com\/dream\/"},{"@type":"ListItem","position":2,"name":"05-Mejora","item":"http:\/\/joapen.com\/dream\/category\/05-mejora\/"},{"@type":"ListItem","position":3,"name":"La teor\u00eda del perro y la cuerda"}]},{"@type":"WebSite","@id":"https:\/\/joapen.com\/dream\/#website","url":"https:\/\/joapen.com\/dream\/","name":"DREAM","description":"","publisher":{"@id":"https:\/\/joapen.com\/dream\/#\/schema\/person\/7953b6b38ddc1a8c7faf1c99605d9dfe"},"potentialAction":[{"@type":"SearchAction","target":{"@type":"EntryPoint","urlTemplate":"https:\/\/joapen.com\/dream\/?s={search_term_string}"},"query-input":{"@type":"PropertyValueSpecification","valueRequired":true,"valueName":"search_term_string"}}],"inLanguage":"es"},{"@type":["Person","Organization"],"@id":"https:\/\/joapen.com\/dream\/#\/schema\/person\/7953b6b38ddc1a8c7faf1c99605d9dfe","name":"dreamer","image":{"@type":"ImageObject","inLanguage":"es","@id":"https:\/\/joapen.com\/dream\/wp-content\/uploads\/2021\/03\/joapen-icon.jpeg","url":"https:\/\/joapen.com\/dream\/wp-content\/uploads\/2021\/03\/joapen-icon.jpeg","contentUrl":"https:\/\/joapen.com\/dream\/wp-content\/uploads\/2021\/03\/joapen-icon.jpeg","width":96,"height":96,"caption":"dreamer"},"logo":{"@id":"https:\/\/joapen.com\/dream\/wp-content\/uploads\/2021\/03\/joapen-icon.jpeg"},"sameAs":["http:\/\/joapen.com\/dream\/"],"url":"http:\/\/joapen.com\/dream\/author\/dreamer\/"}]}},"featured_image_urls":{"full":["http:\/\/joapen.com\/dream\/wp-content\/uploads\/2020\/12\/Andre-Kostolany.jpg",243,300,false],"thumbnail":["http:\/\/joapen.com\/dream\/wp-content\/uploads\/2020\/12\/Andre-Kostolany-150x150.jpg",150,150,true],"medium":["http:\/\/joapen.com\/dream\/wp-content\/uploads\/2020\/12\/Andre-Kostolany.jpg",243,300,false],"medium_large":["http:\/\/joapen.com\/dream\/wp-content\/uploads\/2020\/12\/Andre-Kostolany.jpg",243,300,false],"large":["http:\/\/joapen.com\/dream\/wp-content\/uploads\/2020\/12\/Andre-Kostolany.jpg",243,300,false],"1536x1536":["http:\/\/joapen.com\/dream\/wp-content\/uploads\/2020\/12\/Andre-Kostolany.jpg",243,300,false],"2048x2048":["http:\/\/joapen.com\/dream\/wp-content\/uploads\/2020\/12\/Andre-Kostolany.jpg",243,300,false],"newsium-slider-full":["http:\/\/joapen.com\/dream\/wp-content\/uploads\/2020\/12\/Andre-Kostolany.jpg",243,300,false],"newsium-featured":["http:\/\/joapen.com\/dream\/wp-content\/uploads\/2020\/12\/Andre-Kostolany.jpg",243,300,false],"newsium-medium":["http:\/\/joapen.com\/dream\/wp-content\/uploads\/2020\/12\/Andre-Kostolany.jpg",243,300,false]},"author_info":{"info":["dreamer"]},"category_info":"<a href=\"http:\/\/joapen.com\/dream\/category\/05-mejora\/\" rel=\"category tag\">05-Mejora<\/a>","tag_info":"05-Mejora","comment_count":"1","_links":{"self":[{"href":"http:\/\/joapen.com\/dream\/wp-json\/wp\/v2\/posts\/648","targetHints":{"allow":["GET"]}}],"collection":[{"href":"http:\/\/joapen.com\/dream\/wp-json\/wp\/v2\/posts"}],"about":[{"href":"http:\/\/joapen.com\/dream\/wp-json\/wp\/v2\/types\/post"}],"author":[{"embeddable":true,"href":"http:\/\/joapen.com\/dream\/wp-json\/wp\/v2\/users\/2"}],"replies":[{"embeddable":true,"href":"http:\/\/joapen.com\/dream\/wp-json\/wp\/v2\/comments?post=648"}],"version-history":[{"count":1,"href":"http:\/\/joapen.com\/dream\/wp-json\/wp\/v2\/posts\/648\/revisions"}],"predecessor-version":[{"id":649,"href":"http:\/\/joapen.com\/dream\/wp-json\/wp\/v2\/posts\/648\/revisions\/649"}],"wp:featuredmedia":[{"embeddable":true,"href":"http:\/\/joapen.com\/dream\/wp-json\/wp\/v2\/media\/650"}],"wp:attachment":[{"href":"http:\/\/joapen.com\/dream\/wp-json\/wp\/v2\/media?parent=648"}],"wp:term":[{"taxonomy":"category","embeddable":true,"href":"http:\/\/joapen.com\/dream\/wp-json\/wp\/v2\/categories?post=648"},{"taxonomy":"post_tag","embeddable":true,"href":"http:\/\/joapen.com\/dream\/wp-json\/wp\/v2\/tags?post=648"}],"curies":[{"name":"wp","href":"https:\/\/api.w.org\/{rel}","templated":true}]}}